{"id":2511,"date":"2017-03-29T09:38:00","date_gmt":"2017-03-29T09:38:00","guid":{"rendered":"http:\/\/www.be-xtreme.eu\/forcefield\/?p=2511"},"modified":"2017-11-16T12:25:35","modified_gmt":"2017-11-16T12:25:35","slug":"slovenec-s-kolesom-s-112-kmh-po-planiski-velikanki-video","status":"publish","type":"post","link":"https:\/\/be-xtreme.eu\/forcefield\/slovenec-s-kolesom-s-112-kmh-po-planiski-velikanki-video\/","title":{"rendered":"Slovenec s kolesom s 112 km\/h po plani\u0161ki velikanki #video"},"content":{"rendered":"<p>[et_pb_section bb_built=&#8221;1&#8243; admin_label=&#8221;section&#8221;][et_pb_row admin_label=&#8221;row&#8221; background_position=&#8221;top_left&#8221; background_repeat=&#8221;repeat&#8221; background_size=&#8221;initial&#8221;][et_pb_column type=&#8221;4_4&#8243;][et_pb_text background_layout=&#8221;light&#8221; use_border_color=&#8221;off&#8221; border_color=&#8221;#ffffff&#8221; border_style=&#8221;solid&#8221; background_position=&#8221;top_left&#8221; background_repeat=&#8221;repeat&#8221; background_size=&#8221;initial&#8221; _builder_version=&#8221;3.0.89&#8243; border_color_all=&#8221;#ffffff&#8221;]<\/p>\n<h4><span class=\"article__label\">Kolesarski spust po velikanki<\/span><\/h4>\n<p>avtor: Alenka Teran Ko\u0161ir<\/p>\n<p>Slovenski freeride kolesar Primo\u017e Ravnik &#8211; Figaro se je dan po finalu svetovnega pokala v smu\u010darskih skokih v Planici s kolesom spustil po dosko\u010di\u0161\u010du letalnice bratov Gori\u0161ek. Pri vratolomnem spustu je dosegel hitrost 112 kilometrov na uro. Ob\u010dutki? &#8220;\u017delim se peljati \u0161e hitreje.&#8221;<\/p>\n<div class=\"article_gallery js_royal royalSlider contentSlider rsDefault rsAutoHeight rsHor js_articleGallery_init\" data-history=\"true\">\n<div class=\"rsOverflow grab-cursor\">\n<div class=\"rsContainer\">\n<div class=\"rsSlide\">\n<div class=\"article_gallery__item is_current\" data-history-uri=\"?image=2\" data-history-title=\"title\">\n<figure class=\"article_gallery__figure\"><\/figure>\n<div class=\"article_gallery__data cf\">\n<p class=\"article_gallery__counter\">\u00a0<img decoding=\"async\" class=\"article_gallery__figure_img\" src=\"https:\/\/siol.net\/media\/img\/ce\/ed\/73b451e6a80652bb19a5-primoz-ravnik-figaro-planica-2017.png\" alt=\"Primo\u017e Ravnik - Figaro se je jutro po plani\u0161kem skakalnem prazniku s kolesom spustil po dosko\u010di\u0161\u010du Letalnice bratov Gori\u0161ek.\" data-size=\"680x383\" \/><\/p>\n<\/div>\n<\/div>\n<\/div>\n<div class=\"rsSlide rsActiveSlide\">\n<div class=\"article_gallery__item is_current\" data-history-uri=\"?image=1\" data-history-title=\"title\">\n<figure class=\"article_gallery__figure\"><picture data-alt=\"Primo\u017e Ravnik - Figaro se je jutro po plani\u0161kem skakalnem prazniku s kolesom spustil po dosko\u010di\u0161\u010du Letalnice bratov Gori\u0161ek.\" data-default-src=\"\/media\/img\/02\/86\/ead360767be428ac91b6.png\"><source media=\"(min-width: 980px)\" \/><source media=\"(min-width: 640px)\" \/><source \/><\/picture><noscript>            &amp;amp;amp;amp;amp;amp;lt;img class=&#8221;article_gallery__figure_img&#8221; src=&#8221;\/media\/img\/02\/86\/ead360767be428ac91b6.png&#8221; alt=&#8221;Primo\u017e Ravnik &#8211; Figaro se je jutro po plani\u0161kem skakalnem prazniku s kolesom spustil po dosko\u010di\u0161\u010du Letalnice bratov Gori\u0161ek.&#8221; \/&amp;amp;amp;amp;amp;amp;gt;         <\/noscript><\/figure>\n<div class=\"article_gallery__data cf\">\n<p class=\"article_gallery__counter\">Primo\u017e Ravnik &#8211; Figaro se je jutro po plani\u0161kem skakalnem prazniku s kolesom spustil po dosko\u010di\u0161\u010du Letalnice bratov Gori\u0161ek.<\/p>\n<p class=\"article_gallery__counter\">Foto: Mitja Sodja<\/p>\n<\/div>\n<\/div>\n<\/div>\n<\/div>\n<div class=\"rsArrow rsArrowLeft rsArrowDisabled\"><em>Video: Figaro se je zapeljal po dosko\u010di\u0161\u010du plani\u0161ke velikanke<\/em><\/div>\n<\/div>\n<\/div>\n<div class=\"article__content\">\n<p class=\"videoWrapper\"><iframe loading=\"lazy\" src=\"https:\/\/www.youtube.com\/embed\/iYXikJK-cdk\" width=\"560\" height=\"315\" frameborder=\"0\" allowfullscreen=\"allowfullscreen\" data-mce-fragment=\"1\"><\/iframe><\/p>\n<p>Nekdanji tekmovalec v krosu in spustu\u00a0Primo\u017e Ravnik, za prijatelje Figaro, je pozornost \u0161ir\u0161e javnosti pritegnil \u017ee leta 2015, ko se je ob stoletnici Hidroelektrarne Moste pri \u017dirovnici s kolesom spustil po 60-metrskem, skoraj povsem navpi\u010dnem jezu. Pri spektakularnem spustu, ki se je kon\u010dal v vodi, je dosegel hitrost 70 kilometrov na uro, posnetek vo\u017enje pa si je na spletnem portalu YouTube nabral \u017ee ve\u010d kot deset milijonov ogledov.<\/p>\n<\/div>\n<p>[\/et_pb_text][\/et_pb_column][\/et_pb_row][\/et_pb_section]<\/p>\n","protected":false},"excerpt":{"rendered":"<p>Kolesarski spust po velikanki avtor: Alenka Teran Ko\u0161ir Slovenski freeride kolesar Primo\u017e Ravnik &#8211; Figaro se je dan po finalu svetovnega pokala v smu\u010darskih skokih v Planici s kolesom spustil po dosko\u010di\u0161\u010du letalnice bratov Gori\u0161ek. Pri vratolomnem spustu je dosegel hitrost 112 kilometrov na uro. Ob\u010dutki? &#8220;\u017delim se peljati \u0161e hitreje.&#8221; \u00a0 &amp;amp;amp;amp;amp;amp;lt;img class=&#8221;article_gallery__figure_img&#8221; src=&#8221;\/media\/img\/02\/86\/ead360767be428ac91b6.png&#8221; [&hellip;]<\/p>\n","protected":false},"author":1,"featured_media":2933,"comment_status":"closed","ping_status":"closed","sticky":false,"template":"","format":"standard","meta":{"_et_pb_use_builder":"on","_et_pb_old_content":"<h4><span class=\"article__label\">Kolesarski spust po velikanki<\/span><\/h4><p>avtor: Alenka Teran Ko\u0161ir<\/p><p>Slovenski freeride kolesar Primo\u017e Ravnik - Figaro se je dan po finalu svetovnega pokala v smu\u010darskih skokih v Planici s kolesom spustil po dosko\u010di\u0161\u010du letalnice bratov Gori\u0161ek. Pri vratolomnem spustu je dosegel hitrost 112 kilometrov na uro. Ob\u010dutki? \"\u017delim se peljati \u0161e hitreje.\"<\/p><div class=\"article_gallery js_royal royalSlider contentSlider rsDefault rsAutoHeight rsHor js_articleGallery_init\" data-history=\"true\"><div class=\"rsOverflow grab-cursor\"><div class=\"rsContainer\"><div class=\"rsSlide\"><div class=\"article_gallery__item is_current\" data-history-uri=\"?image=2\" data-history-title=\"title\"><figure class=\"article_gallery__figure\"><\/figure><div class=\"article_gallery__data cf\"><p class=\"article_gallery__counter\">\u00a0<\/p><\/div><\/div><\/div><div class=\"rsSlide rsActiveSlide\"><div class=\"article_gallery__item is_current\" data-history-uri=\"?image=1\" data-history-title=\"title\"><figure class=\"article_gallery__figure\"><picture data-alt=\"Primo\u017e Ravnik - Figaro se je jutro po plani\u0161kem skakalnem prazniku s kolesom spustil po dosko\u010di\u0161\u010du Letalnice bratov Gori\u0161ek.\" data-default-src=\"\/media\/img\/02\/86\/ead360767be428ac91b6.png\"><source media=\"(min-width: 980px)\"> <source media=\"(min-width: 640px)\"> <source> <img width=\"668\" height=\"376\" class=\"article_gallery__figure_img\" alt=\"Primo\u017e Ravnik - Figaro se je jutro po plani\u0161kem skakalnem prazniku s kolesom spustil po dosko\u010di\u0161\u010du Letalnice bratov Gori\u0161ek.\" src=\"http:\/\/siol.net\/media\/img\/02\/86\/ead360767be428ac91b6.png\"><\/picture><noscript>            &amp;amp;lt;img class=\"article_gallery__figure_img\" src=\"\/media\/img\/02\/86\/ead360767be428ac91b6.png\" alt=\"Primo\u017e Ravnik - Figaro se je jutro po plani\u0161kem skakalnem prazniku s kolesom spustil po dosko\u010di\u0161\u010du Letalnice bratov Gori\u0161ek.\" \/&amp;amp;gt;         <\/noscript><\/figure><div class=\"article_gallery__data cf\"><p class=\"article_gallery__counter\">\u00a0Primo\u017e Ravnik - Figaro se je jutro po plani\u0161kem skakalnem prazniku s kolesom spustil po dosko\u010di\u0161\u010du Letalnice bratov Gori\u0161ek. Foto: Mitja Sodja<\/p><\/div><\/div><\/div><\/div><div class=\"rsArrow rsArrowLeft rsArrowDisabled\">\u00a0<em>Video: Figaro se je zapeljal po dosko\u010di\u0161\u010du plani\u0161ke velikanke<\/em><\/div><\/div><\/div><div class=\"article__content\"><p class=\"videoWrapper\"><iframe width=\"560\" height=\"315\" src=\"https:\/\/www.youtube.com\/embed\/iYXikJK-cdk\" frameborder=\"0\" allowfullscreen=\"allowfullscreen\" data-mce-fragment=\"1\"><\/iframe><\/p><p>Nekdanji tekmovalec v krosu in spustu\u00a0Primo\u017e Ravnik, za prijatelje Figaro, je pozornost \u0161ir\u0161e javnosti pritegnil \u017ee leta 2015, ko se je ob stoletnici Hidroelektrarne Moste pri \u017dirovnici s kolesom spustil po 60-metrskem, skoraj povsem navpi\u010dnem jezu. Pri spektakularnem spustu, ki se je kon\u010dal v vodi, je dosegel hitrost 70 kilometrov na uro, posnetek vo\u017enje pa si je na spletnem portalu YouTube nabral \u017ee ve\u010d kot deset milijonov ogledov.<\/p><\/div>","_et_gb_content_width":"","footnotes":""},"categories":[1],"tags":[],"class_list":["post-2511","post","type-post","status-publish","format-standard","has-post-thumbnail","hentry","category-novice"],"_links":{"self":[{"href":"https:\/\/be-xtreme.eu\/forcefield\/wp-json\/wp\/v2\/posts\/2511","targetHints":{"allow":["GET"]}}],"collection":[{"href":"https:\/\/be-xtreme.eu\/forcefield\/wp-json\/wp\/v2\/posts"}],"about":[{"href":"https:\/\/be-xtreme.eu\/forcefield\/wp-json\/wp\/v2\/types\/post"}],"author":[{"embeddable":true,"href":"https:\/\/be-xtreme.eu\/forcefield\/wp-json\/wp\/v2\/users\/1"}],"replies":[{"embeddable":true,"href":"https:\/\/be-xtreme.eu\/forcefield\/wp-json\/wp\/v2\/comments?post=2511"}],"version-history":[{"count":0,"href":"https:\/\/be-xtreme.eu\/forcefield\/wp-json\/wp\/v2\/posts\/2511\/revisions"}],"wp:featuredmedia":[{"embeddable":true,"href":"https:\/\/be-xtreme.eu\/forcefield\/wp-json\/wp\/v2\/media\/2933"}],"wp:attachment":[{"href":"https:\/\/be-xtreme.eu\/forcefield\/wp-json\/wp\/v2\/media?parent=2511"}],"wp:term":[{"taxonomy":"category","embeddable":true,"href":"https:\/\/be-xtreme.eu\/forcefield\/wp-json\/wp\/v2\/categories?post=2511"},{"taxonomy":"post_tag","embeddable":true,"href":"https:\/\/be-xtreme.eu\/forcefield\/wp-json\/wp\/v2\/tags?post=2511"}],"curies":[{"name":"wp","href":"https:\/\/api.w.org\/{rel}","templated":true}]}}